{"id":912,"date":"2021-04-19T12:26:18","date_gmt":"2021-04-19T12:26:18","guid":{"rendered":"http:\/\/lafundicio.net\/kerasbuti\/?p=912"},"modified":"2021-04-19T15:44:22","modified_gmt":"2021-04-19T15:44:22","slug":"fem-compost-fem-un-hort","status":"publish","type":"post","link":"https:\/\/lafundicio.net\/kerasbuti\/2021\/04\/19\/fem-compost-fem-un-hort\/","title":{"rendered":"Fem compost, fem un hort"},"content":{"rendered":"<p><span style=\"font-weight: 400;\">Des d&#8217;ara i fins al juny organitzem un seguit de tallers per aprendre a compostar i a fer un hort, acompanyades per l\u2019<\/span><span style=\"font-weight: 400;\">Aurora Serra Canti (enginyeria agr\u00edcola, formadora i dinamitzadora en horts i&nbsp;col\u00b7laboradora de Tarpuna), aprendrem com construir una compostera de fusta que gestionarem col\u00b7lectivament. Entre totes podrem gestionar els nostres propis residus tancant aix\u00ed el cicle de la mat\u00e8ria org\u00e0nica, fent dels carrers llocs amb flors i verdures!<\/span><\/p>\n<p><span style=\"font-weight: 400;\">Alhora aprendrem les nocions b\u00e0siques per tenir una bona horta ecol\u00f2gica, org\u00e0nica i natural, amb taules de cultiu (no al s\u00f2l). Aprendrem a posar en marxa una taula de cultiu, des de les mescles de terra fins a com plantar llavors o planters. D\u2019aquesta manera sabrem com cultivar i gestionar col\u00b7lectivament l\u2019hort, compartint cadascuna el seu coneixement i experi\u00e8ncia.<\/span><\/p>\n<p><span style=\"font-weight: 400;\">Els tallers s\u00f3n oberts per\u00f2 les places s\u00f3n limitades i cal inscripci\u00f3 pr\u00e8via! Pots apuntar-te enviant un correu a: <a href=\"mailto:hola@lafundicio.net\">hola@lafundicio.net&nbsp;<\/a><\/span><\/p>\n<p><span style=\"font-weight: 400;\">Els llocs i horaris disponibles s\u00f3n:<\/span><\/p>\n<p>&nbsp;<\/p>\n<p><b>Casa de la Reconciliaci\u00f3<\/b><\/p>\n<p><span style=\"font-weight: 400;\">FEM COMPOST I FEM UN HORT&nbsp;<\/span><\/p>\n<p><span style=\"font-weight: 400;\">Dimarts \u2014 16.30 a 18.30 h<\/span><\/p>\n<p><span style=\"font-weight: 400;\">Inici: 28 d\u2019abril (7 sessions)<\/span><\/p>\n<p>&nbsp;<\/p>\n<p><b>Prado 11 (LaFundici\u00f3)<\/b><\/p>\n<p><span style=\"font-weight: 400;\">FEM UN HORT<\/span><\/p>\n<p><span style=\"font-weight: 400;\">Divendres \u2014 11 a 13 h<\/span><\/p>\n<p><span style=\"font-weight: 400;\">Inici: 30 d\u2019abril (4 sessions)<\/span><\/p>\n<p><span style=\"font-weight: 400;\">A banda d\u2019aquests tallers oberts, organitzem diversos tallers adre\u00e7ats a persones i col\u00b7lectius espec\u00edfics, com l\u2019alumnat de l\u2019<strong>Institut-Escola Gornal<\/strong>, amb el que farem compostatge i hort, els equips de les cuines dels <strong>Casals C\u00edvics de l\u2019Hospitalet-Centre i Bellvitge<\/strong> o l\u2019equip del programa de crian\u00e7a <\/span><i><span style=\"font-weight: 400;\">Jugar i descobrir<\/span><\/i><span style=\"font-weight: 400;\"> del Casal C\u00edvic de l\u2019Hospitalet-Centre.<\/span><\/p>\n<p><img loading=\"lazy\" decoding=\"async\" class=\"aligncenter wp-image-913 size-large\" src=\"https:\/\/lafundicio.net\/kerasbuti\/wp-content\/uploads\/sites\/7\/2021\/04\/Cartel-Fem-compost-A32-566x800.jpg\" alt=\"\" width=\"566\" height=\"800\" srcset=\"https:\/\/lafundicio.net\/kerasbuti\/wp-content\/uploads\/sites\/7\/2021\/04\/Cartel-Fem-compost-A32-566x800.jpg 566w, https:\/\/lafundicio.net\/kerasbuti\/wp-content\/uploads\/sites\/7\/2021\/04\/Cartel-Fem-compost-A32-283x400.jpg 283w, https:\/\/lafundicio.net\/kerasbuti\/wp-content\/uploads\/sites\/7\/2021\/04\/Cartel-Fem-compost-A32-768x1086.jpg 768w, https:\/\/lafundicio.net\/kerasbuti\/wp-content\/uploads\/sites\/7\/2021\/04\/Cartel-Fem-compost-A32-1086x1536.jpg 1086w, https:\/\/lafundicio.net\/kerasbuti\/wp-content\/uploads\/sites\/7\/2021\/04\/Cartel-Fem-compost-A32-1448x2048.jpg 1448w, https:\/\/lafundicio.net\/kerasbuti\/wp-content\/uploads\/sites\/7\/2021\/04\/Cartel-Fem-compost-A32-510x721.jpg 510w, https:\/\/lafundicio.net\/kerasbuti\/wp-content\/uploads\/sites\/7\/2021\/04\/Cartel-Fem-compost-A32.jpg 1754w\" sizes=\"auto, (max-width: 566px) 100vw, 566px\" \/><\/p>\n","protected":false},"excerpt":{"rendered":"<p>Els tallers s\u00f3n oberts per\u00f2 les places s\u00f3n limitades i cal inscripci\u00f3 pr\u00e8via! Pots apuntar-te enviant un correu a: hola@lafundicio.net\u00a0<\/p>\n","protected":false},"author":1,"featured_media":914,"comment_status":"open","ping_status":"open","sticky":false,"template":"","format":"standard","meta":{"footnotes":""},"categories":[80],"tags":[140,176,177,175,179,178,180],"class_list":["post-912","post","type-post","status-publish","format-standard","has-post-thumbnail","hentry","category-associacio-keras-buti","tag-agroecologia","tag-compost","tag-compostatge","tag-hort","tag-horta","tag-horta-urbana","tag-sabers-rurals"],"_links":{"self":[{"href":"https:\/\/lafundicio.net\/kerasbuti\/wp-json\/wp\/v2\/posts\/912","targetHints":{"allow":["GET"]}}],"collection":[{"href":"https:\/\/lafundicio.net\/kerasbuti\/wp-json\/wp\/v2\/posts"}],"about":[{"href":"https:\/\/lafundicio.net\/kerasbuti\/wp-json\/wp\/v2\/types\/post"}],"author":[{"embeddable":true,"href":"https:\/\/lafundicio.net\/kerasbuti\/wp-json\/wp\/v2\/users\/1"}],"replies":[{"embeddable":true,"href":"https:\/\/lafundicio.net\/kerasbuti\/wp-json\/wp\/v2\/comments?post=912"}],"version-history":[{"count":3,"href":"https:\/\/lafundicio.net\/kerasbuti\/wp-json\/wp\/v2\/posts\/912\/revisions"}],"predecessor-version":[{"id":918,"href":"https:\/\/lafundicio.net\/kerasbuti\/wp-json\/wp\/v2\/posts\/912\/revisions\/918"}],"wp:featuredmedia":[{"embeddable":true,"href":"https:\/\/lafundicio.net\/kerasbuti\/wp-json\/wp\/v2\/media\/914"}],"wp:attachment":[{"href":"https:\/\/lafundicio.net\/kerasbuti\/wp-json\/wp\/v2\/media?parent=912"}],"wp:term":[{"taxonomy":"category","embeddable":true,"href":"https:\/\/lafundicio.net\/kerasbuti\/wp-json\/wp\/v2\/categories?post=912"},{"taxonomy":"post_tag","embeddable":true,"href":"https:\/\/lafundicio.net\/kerasbuti\/wp-json\/wp\/v2\/tags?post=912"}],"curies":[{"name":"wp","href":"https:\/\/api.w.org\/{rel}","templated":true}]}}