{"id":863,"date":"2020-07-11T17:50:50","date_gmt":"2020-07-11T17:50:50","guid":{"rendered":"http:\/\/lafundicio.net\/kerasbuti\/?p=863"},"modified":"2022-11-11T16:08:27","modified_gmt":"2022-11-11T16:08:27","slug":"fem-un-cove-de-vimet","status":"publish","type":"post","link":"https:\/\/lafundicio.net\/kerasbuti\/2020\/07\/11\/fem-un-cove-de-vimet\/","title":{"rendered":"Fem un cove de v\u00edmet"},"content":{"rendered":"<p>El proper <strong>divendres i dissabte, 17 i 18 de juliol<\/strong>, seguim explorant qu\u00e8 podem fer amb les fibres vegetals. En aquesta ocasi\u00f3 aprendrem amb l&#8217;artesana <a href=\"http:\/\/monicaguilera.blogspot.com\"><strong>M\u00f2nica Guilera<\/strong><\/a> a fer un cove de v\u00edmet.<\/p>\n<p><img loading=\"lazy\" decoding=\"async\" class=\"aligncenter wp-image-865\" src=\"https:\/\/lafundicio.net\/kerasbuti\/wp-content\/uploads\/sites\/7\/2020\/07\/cove-533x400.jpg\" alt=\"\" width=\"451\" height=\"338\" srcset=\"https:\/\/lafundicio.net\/kerasbuti\/wp-content\/uploads\/sites\/7\/2020\/07\/cove-533x400.jpg 533w, https:\/\/lafundicio.net\/kerasbuti\/wp-content\/uploads\/sites\/7\/2020\/07\/cove-768x576.jpg 768w, https:\/\/lafundicio.net\/kerasbuti\/wp-content\/uploads\/sites\/7\/2020\/07\/cove-510x383.jpg 510w, https:\/\/lafundicio.net\/kerasbuti\/wp-content\/uploads\/sites\/7\/2020\/07\/cove.jpg 1024w\" sizes=\"auto, (max-width: 451px) 100vw, 451px\" \/><\/p>\n<p>Les places s\u00f3n limitades a 10 persones i requerim inscripci\u00f3 pr\u00e8via per poder preparar els materials necessaris. Per inscriure&#8217;t envia un correu a: <a href=\"mailto:hola@lafundicio.net\">hola@lafundicio.net<\/a><\/p>\n<p>El taller \u00e9s gratu\u00eft i les cistelles durant el mateix es donaran a la cooperativa de consum <strong>Keras Buti<\/strong> per al seu \u00fas en el transport de fruites i verdures agroecol\u00f2giques.<\/p>\n<p>M\u00e9s enll\u00e0 de recuperar t\u00e8cniques artesanes per fer cistelles o coves, ens preguntem qu\u00e8 podem aprendre dels paisatges, les societats i les economies en qu\u00e8 aquestes t\u00e8cniques van apar\u00e8ixer i van ser emprades. Des LaFundici\u00f3 i Keras Buti estem interessades a formar un grup de pr\u00e0ctica i recerca en aquest sentit, si vols participar posa&#8217;t en contacte amb nosaltres!<\/p>\n<p><strong>Divendres 17 de 17 a 20.30 h i el dissabte 18 de 10 a 18 h. Dissabte porta la teva carmanyola!<\/strong><\/p>\n<p>Lloc: <strong>Ecocentral<\/strong> (<a href=\"http:\/\/c. Juan Ram\u00f3n Jim\u00e9nez, 22, L'Hospitalet\" data-wplink-url-error=\"true\"><strong>c. Juan Ram\u00f3n Jim\u00e9nez, 22, L&#8217;Hospitalet<\/strong><\/a>)<\/p>\n<p><img loading=\"lazy\" decoding=\"async\" class=\"aligncenter wp-image-864\" src=\"https:\/\/lafundicio.net\/kerasbuti\/wp-content\/uploads\/sites\/7\/2020\/07\/Cartel_mimbre_CAT-566x800.jpg\" alt=\"\" width=\"450\" height=\"637\" srcset=\"https:\/\/lafundicio.net\/kerasbuti\/wp-content\/uploads\/sites\/7\/2020\/07\/Cartel_mimbre_CAT-566x800.jpg 566w, https:\/\/lafundicio.net\/kerasbuti\/wp-content\/uploads\/sites\/7\/2020\/07\/Cartel_mimbre_CAT-283x400.jpg 283w, https:\/\/lafundicio.net\/kerasbuti\/wp-content\/uploads\/sites\/7\/2020\/07\/Cartel_mimbre_CAT-768x1086.jpg 768w, https:\/\/lafundicio.net\/kerasbuti\/wp-content\/uploads\/sites\/7\/2020\/07\/Cartel_mimbre_CAT-510x721.jpg 510w, https:\/\/lafundicio.net\/kerasbuti\/wp-content\/uploads\/sites\/7\/2020\/07\/Cartel_mimbre_CAT.jpg 842w\" sizes=\"auto, (max-width: 450px) 100vw, 450px\" \/><\/p>\n","protected":false},"excerpt":{"rendered":"<p>El proper divendres i dissabte, 17 i 18 de juliol, seguim explorant qu\u00e8 podem fer amb les fibres vegetals. En aquesta ocasi\u00f3 aprendrem amb l&#8217;artesana M\u00f2nica Guilera a fer un cove de v\u00edmet.<\/p>\n","protected":false},"author":1,"featured_media":867,"comment_status":"open","ping_status":"open","sticky":false,"template":"","format":"standard","meta":{"footnotes":""},"categories":[80],"tags":[115,154],"class_list":["post-863","post","type-post","status-publish","format-standard","has-post-thumbnail","hentry","category-associacio-keras-buti","tag-cesteria","tag-fibres-vegetals"],"_links":{"self":[{"href":"https:\/\/lafundicio.net\/kerasbuti\/wp-json\/wp\/v2\/posts\/863","targetHints":{"allow":["GET"]}}],"collection":[{"href":"https:\/\/lafundicio.net\/kerasbuti\/wp-json\/wp\/v2\/posts"}],"about":[{"href":"https:\/\/lafundicio.net\/kerasbuti\/wp-json\/wp\/v2\/types\/post"}],"author":[{"embeddable":true,"href":"https:\/\/lafundicio.net\/kerasbuti\/wp-json\/wp\/v2\/users\/1"}],"replies":[{"embeddable":true,"href":"https:\/\/lafundicio.net\/kerasbuti\/wp-json\/wp\/v2\/comments?post=863"}],"version-history":[{"count":4,"href":"https:\/\/lafundicio.net\/kerasbuti\/wp-json\/wp\/v2\/posts\/863\/revisions"}],"predecessor-version":[{"id":870,"href":"https:\/\/lafundicio.net\/kerasbuti\/wp-json\/wp\/v2\/posts\/863\/revisions\/870"}],"wp:featuredmedia":[{"embeddable":true,"href":"https:\/\/lafundicio.net\/kerasbuti\/wp-json\/wp\/v2\/media\/867"}],"wp:attachment":[{"href":"https:\/\/lafundicio.net\/kerasbuti\/wp-json\/wp\/v2\/media?parent=863"}],"wp:term":[{"taxonomy":"category","embeddable":true,"href":"https:\/\/lafundicio.net\/kerasbuti\/wp-json\/wp\/v2\/categories?post=863"},{"taxonomy":"post_tag","embeddable":true,"href":"https:\/\/lafundicio.net\/kerasbuti\/wp-json\/wp\/v2\/tags?post=863"}],"curies":[{"name":"wp","href":"https:\/\/api.w.org\/{rel}","templated":true}]}}