{"id":702,"date":"2020-01-30T08:40:50","date_gmt":"2020-01-30T08:40:50","guid":{"rendered":"http:\/\/lafundicio.net\/kerasbuti\/?p=702"},"modified":"2020-01-30T08:40:50","modified_gmt":"2020-01-30T08:40:50","slug":"rromano-kidipen-al-mercadillo-de-la-marina","status":"publish","type":"post","link":"https:\/\/lafundicio.net\/kerasbuti\/2020\/01\/30\/rromano-kidipen-al-mercadillo-de-la-marina\/","title":{"rendered":"Rromano kidipen al mercadillo de La Marina"},"content":{"rendered":"<p><span style=\"font-weight: 400;\">Amb l\u2019objectiu d\u2019explorar la mem\u00f2ria de les transformacions del paisatge de l\u2019\u00c0rea Metropolitana de Barcelona s\u2019ha organitzat una segona sessi\u00f3 de Rromano kidipen al mercat dels diumenges del barri de <strong>La Marina<\/strong>. Es tracta d\u2019un barri on la comunitat gitana s\u2019ha establert des de fa molts anys i que ha patit durs processos de transformaci\u00f3 que han donat lloc a la demolici\u00f3 dels barris d\u2019habitatge informal i a l\u2019expropiaci\u00f3 de l\u2019acc\u00e9s a la platja de <strong>Can Tunis<\/strong> i a eradicaci\u00f3 dels sabers del mar.<\/span><\/p>\n<p><span style=\"font-weight: 400;\">Partint de materials fotogr\u00e0fics conservats a l\u2019<strong>Arxiu de Sants-Montju\u00efc<\/strong> i de l\u2019arxiu del <strong>Centre d\u2019Interpretaci\u00f3 de la Ciutat des de la Barraca<\/strong>, hem pogut constatar amb les ve\u00efnes que la mem\u00f2ria del pescadors de Can Tunis est\u00e0 ben viva.<\/span><\/p>\n<p><span style=\"font-weight: 400;\"><img loading=\"lazy\" decoding=\"async\" class=\"size-medium wp-image-703 aligncenter\" src=\"https:\/\/lafundicio.net\/kerasbuti\/wp-content\/uploads\/sites\/7\/2020\/01\/Arxiu_platja_Marina-533x400.jpg\" alt=\"\" width=\"533\" height=\"400\" srcset=\"https:\/\/lafundicio.net\/kerasbuti\/wp-content\/uploads\/sites\/7\/2020\/01\/Arxiu_platja_Marina-533x400.jpg 533w, https:\/\/lafundicio.net\/kerasbuti\/wp-content\/uploads\/sites\/7\/2020\/01\/Arxiu_platja_Marina-768x576.jpg 768w, https:\/\/lafundicio.net\/kerasbuti\/wp-content\/uploads\/sites\/7\/2020\/01\/Arxiu_platja_Marina-1067x800.jpg 1067w, https:\/\/lafundicio.net\/kerasbuti\/wp-content\/uploads\/sites\/7\/2020\/01\/Arxiu_platja_Marina-510x383.jpg 510w, https:\/\/lafundicio.net\/kerasbuti\/wp-content\/uploads\/sites\/7\/2020\/01\/Arxiu_platja_Marina.jpg 1080w\" sizes=\"auto, (max-width: 533px) 100vw, 533px\" \/><\/span><\/p>\n<p><span style=\"font-weight: 400;\">Aviat seguirem estirant del fil de la mem\u00f2ria del litoral i dels seus presents.<\/span><\/p>\n","protected":false},"excerpt":{"rendered":"<p>Amb l\u2019objectiu d\u2019explorar la mem\u00f2ria de les transformacions del paisatge de l\u2019\u00c0rea Metropolitana de Barcelona s\u2019ha organitzat una segona sessi\u00f3 de Rromano kidipen al mercat dels diumenges del barri de La Marina. Es tracta d\u2019un barri on la comunitat gitana s\u2019ha establert des de fa molts anys i que ha patit durs processos de transformaci\u00f3 [&#8230;]\n","protected":false},"author":1,"featured_media":704,"comment_status":"open","ping_status":"open","sticky":false,"template":"","format":"standard","meta":{"footnotes":""},"categories":[31],"tags":[109,108,107],"class_list":["post-702","post","type-post","status-publish","format-standard","has-post-thumbnail","hentry","category-general-es","tag-la-marina","tag-litoral","tag-memoria"],"_links":{"self":[{"href":"https:\/\/lafundicio.net\/kerasbuti\/wp-json\/wp\/v2\/posts\/702","targetHints":{"allow":["GET"]}}],"collection":[{"href":"https:\/\/lafundicio.net\/kerasbuti\/wp-json\/wp\/v2\/posts"}],"about":[{"href":"https:\/\/lafundicio.net\/kerasbuti\/wp-json\/wp\/v2\/types\/post"}],"author":[{"embeddable":true,"href":"https:\/\/lafundicio.net\/kerasbuti\/wp-json\/wp\/v2\/users\/1"}],"replies":[{"embeddable":true,"href":"https:\/\/lafundicio.net\/kerasbuti\/wp-json\/wp\/v2\/comments?post=702"}],"version-history":[{"count":1,"href":"https:\/\/lafundicio.net\/kerasbuti\/wp-json\/wp\/v2\/posts\/702\/revisions"}],"predecessor-version":[{"id":705,"href":"https:\/\/lafundicio.net\/kerasbuti\/wp-json\/wp\/v2\/posts\/702\/revisions\/705"}],"wp:featuredmedia":[{"embeddable":true,"href":"https:\/\/lafundicio.net\/kerasbuti\/wp-json\/wp\/v2\/media\/704"}],"wp:attachment":[{"href":"https:\/\/lafundicio.net\/kerasbuti\/wp-json\/wp\/v2\/media?parent=702"}],"wp:term":[{"taxonomy":"category","embeddable":true,"href":"https:\/\/lafundicio.net\/kerasbuti\/wp-json\/wp\/v2\/categories?post=702"},{"taxonomy":"post_tag","embeddable":true,"href":"https:\/\/lafundicio.net\/kerasbuti\/wp-json\/wp\/v2\/tags?post=702"}],"curies":[{"name":"wp","href":"https:\/\/api.w.org\/{rel}","templated":true}]}}