{"id":4737,"date":"2025-03-12T11:09:12","date_gmt":"2025-03-12T11:09:12","guid":{"rendered":"https:\/\/lafundicio.net\/noticia\/triplete-de-cortos-documentales-en-el-cine-documental-en-el-barrio\/"},"modified":"2025-03-12T11:16:56","modified_gmt":"2025-03-12T11:16:56","slug":"triplete-de-cortos-documentales-en-el-cine-documental-en-el-barrio","status":"publish","type":"noticia","link":"https:\/\/lafundicio.net\/en\/noticia\/triplete-de-cortos-documentales-en-el-cine-documental-en-el-barrio\/","title":{"rendered":"Triplete de cortos documentales en el Cine Documental en el Barrio"},"content":{"rendered":"\n<p><strong><em>Els Buits<\/em> ,<\/strong> dirigido por <strong>Marina Freixa, Isa Luengo y Sof\u00eda Esteve<\/strong> , es un corto sobre Mariona, que con diecisiete a\u00f1os, fue detenida e internada en el <strong>Patronato de Protecci\u00f3n a la Mujer,<\/strong> una instituci\u00f3n dedicada a \u201cregenerar a mujeres ca\u00eddas\u201d durante el franquismo y los primeros a\u00f1os de democracia. En 2023, ella y su hija intentan recomponer los vac\u00edos de esta historia.<\/p>\n\n\n\n<p><em><strong>Cura Sana,<\/strong><\/em> dirigido por <strong>Luc\u00eda G. Romero<\/strong> , un corto sobre dos hermanas que sufren una situaci\u00f3n familiar violenta. \u00a1Y fue rodado en La Florida!<\/p>\n\n\n\n<p><strong><em>Ara crema<\/em> ,<\/strong> dirigido por N\u00faria Gasc\u00f3n, un corto de un minuto que no necesita explicaci\u00f3n. Debe verla.<\/p>\n\n\n\n<p>\u00a1Os esperamos, como siempre, en el <strong>Ana D\u00edaz Rico<\/strong> !<\/p>\n\n\n\n<p><strong>Viernes 21 de marzo a las 18 h en el Centro Municipal Ana D\u00edaz Rico<\/strong> (Plaza Blocs Florida, 15B, L1 Florida).<\/p>\n","protected":false},"featured_media":4736,"template":"","categories":[],"class_list":["post-4737","noticia","type-noticia","status-publish","has-post-thumbnail","hentry"],"acf":[],"_links":{"self":[{"href":"https:\/\/lafundicio.net\/en\/wp-json\/wp\/v2\/noticia\/4737","targetHints":{"allow":["GET"]}}],"collection":[{"href":"https:\/\/lafundicio.net\/en\/wp-json\/wp\/v2\/noticia"}],"about":[{"href":"https:\/\/lafundicio.net\/en\/wp-json\/wp\/v2\/types\/noticia"}],"wp:featuredmedia":[{"embeddable":true,"href":"https:\/\/lafundicio.net\/en\/wp-json\/wp\/v2\/media\/4736"}],"wp:attachment":[{"href":"https:\/\/lafundicio.net\/en\/wp-json\/wp\/v2\/media?parent=4737"}],"wp:term":[{"taxonomy":"category","embeddable":true,"href":"https:\/\/lafundicio.net\/en\/wp-json\/wp\/v2\/categories?post=4737"}],"curies":[{"name":"wp","href":"https:\/\/api.w.org\/{rel}","templated":true}]}}