{"id":5868,"date":"2019-09-25T00:00:00","date_gmt":"2019-09-25T00:00:00","guid":{"rendered":"https:\/\/lafundicio.net\/noticia\/taller-de-historia-del-cicdb-2019-2020\/"},"modified":"2019-09-25T00:00:00","modified_gmt":"2019-09-25T00:00:00","slug":"taller-de-historia-del-cicdb-2019-2020","status":"publish","type":"noticia","link":"https:\/\/lafundicio.net\/ca\/noticia\/taller-de-historia-del-cicdb-2019-2020\/","title":{"rendered":"Taller d&#8217;hist\u00f2ria del CICdB 2019-2020"},"content":{"rendered":"<p class=\"p1\"><img loading=\"lazy\" decoding=\"async\" class=\"wp-image-3646 aligncenter\" src=\"..\/wp-content\/uploads\/_imported\/49_1656614432.png\" alt=\"\" width=\"450\" height=\"636\"><\/p>\n<p class=\"p1\">Un any m\u00e9s reiniciem el <strong>Taller d&#8217;hist\u00f2ria del CICdB<\/strong> al <strong>Centre Cultural Bellvitge-Gornal<\/strong>. Tots els <strong>dijous de 18 a 20 h<\/strong>. <\/p>\n<p class=\"p1\">El Taller d&#8217;hist\u00f2ria \u00e9s un espai en qu\u00e8 antics ve\u00efns i ve\u00efnes dels desapareguts barris de barraques de l&#8217;Hospitalet es troben per recuperar col\u00b7lectivament la mem\u00f2ria dels llocs que van habitar. Tamb\u00e9 est\u00e0 obert a totes aquelles persones que vulguin col\u00b7laborar en aquesta tasca. Al taller no nom\u00e9s parlem de les hist\u00f2ries d&#8217;aquests barris, sin\u00f3 que tamb\u00e9 \u00e9s un lloc de trobada i des del qual organitzar accions per difondre aquesta mem\u00f2ria: des de la Sardinada o els butlletins fins a la iniciativa per a un futur monument als ve\u00efns i ve\u00efnes de la Bomba.  <\/p>\n<p class=\"p1\">Vine, comparteix i col\u00b7labora!<\/p>\n<p class=\"p1\">Font de la foto del cartell: Arxiu personal fam\u00edlia Mend\u00eda. A la imatge, Manuel Mend\u00eda. <\/p>\n","protected":false},"featured_media":1644,"template":"","categories":[],"class_list":["post-5868","noticia","type-noticia","status-publish","has-post-thumbnail","hentry"],"acf":[],"_links":{"self":[{"href":"https:\/\/lafundicio.net\/ca\/wp-json\/wp\/v2\/noticia\/5868","targetHints":{"allow":["GET"]}}],"collection":[{"href":"https:\/\/lafundicio.net\/ca\/wp-json\/wp\/v2\/noticia"}],"about":[{"href":"https:\/\/lafundicio.net\/ca\/wp-json\/wp\/v2\/types\/noticia"}],"wp:featuredmedia":[{"embeddable":true,"href":"https:\/\/lafundicio.net\/ca\/wp-json\/wp\/v2\/media\/1644"}],"wp:attachment":[{"href":"https:\/\/lafundicio.net\/ca\/wp-json\/wp\/v2\/media?parent=5868"}],"wp:term":[{"taxonomy":"category","embeddable":true,"href":"https:\/\/lafundicio.net\/ca\/wp-json\/wp\/v2\/categories?post=5868"}],"curies":[{"name":"wp","href":"https:\/\/api.w.org\/{rel}","templated":true}]}}