{"id":5843,"date":"2021-06-10T00:00:00","date_gmt":"2021-06-10T00:00:00","guid":{"rendered":"https:\/\/lafundicio.net\/noticia\/fem-un-forn-de-fang\/"},"modified":"2021-06-10T00:00:00","modified_gmt":"2021-06-10T00:00:00","slug":"fem-un-forn-de-fang","status":"publish","type":"noticia","link":"https:\/\/lafundicio.net\/ca\/noticia\/fem-un-forn-de-fang\/","title":{"rendered":"Fem un forn de fang"},"content":{"rendered":"<p><img loading=\"lazy\" decoding=\"async\" class=\"aligncenter wp-image-3981 size-thumbnail\" src=\"..\/wp-content\/uploads\/_imported\/19_1656614458.png\" alt=\"\" width=\"420\" height=\"594\"><\/p>\n<p>&nbsp;<\/p>\n<p>Els propers <strong>dissabtes 12 i 19 de juny de 2021<\/strong> reprenem l&#8217;adequaci\u00f3 de <strong>Les Cabasses<\/strong>, l&#8217;espai agroecol\u00f2gic i cultural de <strong>LaFundici\u00f3<\/strong> al <strong>Parc Agrari del Baix Llobregat<\/strong>. Durant aquestes dues jornades aprendrem a construir un forn amb fang i envasos de vidre reutilitzats. El forn ser\u00e0 un dels recursos principals de la cuina de Les Cabasses, alhora que servir\u00e0 per escalfar la nau durant l&#8217;hivern.  <\/p>\n<p>La cuina incorporar\u00e0 la producci\u00f3 agroecol\u00f2gica de la finca, seguint els cicles de temporades, emprant les variants locals conreades, etc. i la reflexi\u00f3 sobre la producci\u00f3 i transmissi\u00f3 de sabers populars i situats des de la cuina. Sabers hist\u00f2ricament feminitzats vinculats al sosteniment de la vida. <\/p>\n<p><strong>Les jornades de taller comen\u00e7aran a les 10 h i continuaran fins a les 18 h<\/strong>, tot i que podeu unir-vos en qualsevol moment.&nbsp;<\/p>\n<p><em>Com arribar a Les Cabasses<\/em><\/p>\n<p>Les Cabasses \u00e9s al Parc Agrari del Llobregat, <a href=\"https:\/\/goo.gl\/maps\/g9CSrzvLYULsAj3b8\">aqu\u00ed tens un mapa<\/a> per saber com arribar-hi. Si voleu arribar en bicicleta, podeu reunir-vos amb les companyes de <strong>Lhenbici<\/strong> que us esperaran a les <strong>9.30 h<\/strong> a <strong>Prado11<\/strong>, l&#8217;espai de LaFundici\u00f3 a Bellvitge (<a href=\"https:\/\/goo.gl\/maps\/NYvWbtL2mjA5Ar6h6\">aqu\u00ed<\/a>, al n\u00famero 11 del carrer Prat). <\/p>\n<p>&nbsp;<\/p>\n<p>&nbsp;<\/p>\n","protected":false},"featured_media":1718,"template":"","categories":[],"class_list":["post-5843","noticia","type-noticia","status-publish","has-post-thumbnail","hentry"],"acf":[],"_links":{"self":[{"href":"https:\/\/lafundicio.net\/ca\/wp-json\/wp\/v2\/noticia\/5843","targetHints":{"allow":["GET"]}}],"collection":[{"href":"https:\/\/lafundicio.net\/ca\/wp-json\/wp\/v2\/noticia"}],"about":[{"href":"https:\/\/lafundicio.net\/ca\/wp-json\/wp\/v2\/types\/noticia"}],"wp:featuredmedia":[{"embeddable":true,"href":"https:\/\/lafundicio.net\/ca\/wp-json\/wp\/v2\/media\/1718"}],"wp:attachment":[{"href":"https:\/\/lafundicio.net\/ca\/wp-json\/wp\/v2\/media?parent=5843"}],"wp:term":[{"taxonomy":"category","embeddable":true,"href":"https:\/\/lafundicio.net\/ca\/wp-json\/wp\/v2\/categories?post=5843"}],"curies":[{"name":"wp","href":"https:\/\/api.w.org\/{rel}","templated":true}]}}