{"id":5758,"date":"2015-02-14T00:00:00","date_gmt":"2015-02-14T00:00:00","guid":{"rendered":"https:\/\/lafundicio.net\/noticia\/la-educacion-no-formal-en-la-epoca-de-perros-callejeros\/"},"modified":"2015-02-14T00:00:00","modified_gmt":"2015-02-14T00:00:00","slug":"la-educacion-no-formal-en-la-epoca-de-perros-callejeros","status":"publish","type":"noticia","link":"https:\/\/lafundicio.net\/ca\/noticia\/la-educacion-no-formal-en-la-epoca-de-perros-callejeros\/","title":{"rendered":"L&#8217;educaci\u00f3 no formal en l&#8217;\u00e8poca de &#8216;Perros callejeros&#8217;"},"content":{"rendered":"<p><a href=\"https:\/\/lafundicio.net\/wp-content\/uploads\/2015\/02\/10991054_338530436346467_3780121831979826730_n.jpg\"><img loading=\"lazy\" decoding=\"async\" class=\"aligncenter size-full wp-image-2322\" src=\"..\/wp-content\/uploads\/_imported\/24_1656614329.jpg\" alt=\"10991054_338530436346467_3780121831979826730_n\" width=\"508\" height=\"720\"><\/a><\/p>\n<p>Acabem de topar-nos amb aquesta foto que no hav\u00edem vist fins ara en un article sobre el 35\u00e8 aniversari del <a href=\"http:\/\/www.esclat.org\/\" target=\"_blank\" rel=\"noopener\"><br \/>\n  <strong>Centre Educatiu Esclat<\/strong><br \/>\n<\/a>, publicat fa un parell d&#8217;anys al blog de la <strong>Fundaci\u00f3 La Roda<\/strong> i que us enllacem <a href=\"http:\/\/fundaciolaroda.blogspot.com.es\/2013\/02\/35-aniversari-del-centre-esclat.html\" target=\"_blank\" rel=\"noopener\">aqu\u00ed<\/a>.<\/p>\n<p>El Centre Esclat va obrir les seves portes a <strong>Bellvitge<\/strong> (<strong>L&#8217;Hospitalet<\/strong>) el 1978, nom\u00e9s tres anys abans del moment hist\u00f2ric que reconstruirem en la nostra escena. Com b\u00e9 explica l&#8217;article, el centre, fundat per la germana teresiana <strong>Montserrat Ortiz<\/strong>, es va obrir amb la intenci\u00f3 de servir a la nombrosa poblaci\u00f3 infantil i juvenil del barri que \u00ab<em>quan sortien de l&#8217;escola el m\u00e9s f\u00e0cil era rondar pels carrers<\/em>\u00bb. <\/p>\n<p>L&#8217;aparici\u00f3 d&#8217;entitats dedicades a l&#8217;educaci\u00f3 i el temps de lleure dels joves coincideix amb el final del r\u00e8gim franquista i l&#8217;augment demogr\u00e0fic que es va produir entre 1960 i 1975. \u00c9s evident que aquestes institucions responen a una emerg\u00e8ncia social, per\u00f2 d&#8217;altra banda podem entendre tamb\u00e9 que van actuar subsidi\u00e0riament com a dispositius de governan\u00e7a que, per una banda van reduir l&#8217;autonomia de la poblaci\u00f3 infantil i juvenil als barris i, per altra, van contribuir al control de possibles esclats de viol\u00e8ncia social en una situaci\u00f3 de crisi econ\u00f2mica acompanyada d&#8217;un alt \u00edndex d&#8217;atur juvenil. A aix\u00f2 cal sumar, com s&#8217;ha dit en moltes ocasions, la irrupci\u00f3 de la droga a mitjans dels 80, que va desactivar com a subjecte pol\u00edtic a una bona part de tota una generaci\u00f3 de joves a les perif\u00e8ries urbanes de l&#8217;estat espanyol.  <\/p>\n<p>Per descomptat els principis, motivacions i metodologies d&#8217;aquest tipus d&#8217;entitats no eren homog\u00e8nies, i aix\u00ed \u00e9s que podem trobar diferents graus d&#8217;inter\u00e8s i esfor\u00e7 en preservar aquesta autonomia de qu\u00e8 gaudien a finals dels 60 i principis dels 70 els nens, nenes i joves en barris com Bellvitge.<\/p>\n","protected":false},"featured_media":1162,"template":"","categories":[],"class_list":["post-5758","noticia","type-noticia","status-publish","has-post-thumbnail","hentry"],"acf":[],"_links":{"self":[{"href":"https:\/\/lafundicio.net\/ca\/wp-json\/wp\/v2\/noticia\/5758","targetHints":{"allow":["GET"]}}],"collection":[{"href":"https:\/\/lafundicio.net\/ca\/wp-json\/wp\/v2\/noticia"}],"about":[{"href":"https:\/\/lafundicio.net\/ca\/wp-json\/wp\/v2\/types\/noticia"}],"wp:featuredmedia":[{"embeddable":true,"href":"https:\/\/lafundicio.net\/ca\/wp-json\/wp\/v2\/media\/1162"}],"wp:attachment":[{"href":"https:\/\/lafundicio.net\/ca\/wp-json\/wp\/v2\/media?parent=5758"}],"wp:term":[{"taxonomy":"category","embeddable":true,"href":"https:\/\/lafundicio.net\/ca\/wp-json\/wp\/v2\/categories?post=5758"}],"curies":[{"name":"wp","href":"https:\/\/api.w.org\/{rel}","templated":true}]}}