{"id":5641,"date":"2009-02-24T00:00:00","date_gmt":"2009-02-24T00:00:00","guid":{"rendered":"https:\/\/lafundicio.net\/noticia\/zona-intrusa-2-la-exposicion-final\/"},"modified":"2009-02-24T00:00:00","modified_gmt":"2009-02-24T00:00:00","slug":"zona-intrusa-2-la-exposicion-final","status":"publish","type":"noticia","link":"https:\/\/lafundicio.net\/ca\/noticia\/zona-intrusa-2-la-exposicion-final\/","title":{"rendered":"Zona Intrusa 2: l&#8217;exposici\u00f3 final"},"content":{"rendered":"<p style=\"text-align: center\"><a href=\"http:\/\/www.flickr.com\/photos\/92402547@N00\/3304532713\/\" title=\"Cartell Zona Intrusa 2 'All together!' per LaFundici\u00f3, a Flickr\"><img loading=\"lazy\" decoding=\"async\" src=\"..\/wp-content\/uploads\/_imported\/24_1656614215.jpg\" alt=\"Cartell Zona Intrusa 2 'All together!'\" height=\"578\" width=\"389\"><\/a><\/p>\n<p style=\"text-align: justify\">El proper <strong>divendres 27 de febrer a les 20:00h<\/strong> s&#8217;inaugura a l&#8217;<strong><br \/>\n  <a href=\"http:\/\/cultura.mataro.cat\/espaif\/\" target=\"_blank\" rel=\"noopener\">Espai f<\/a><br \/>\n<\/strong> de <strong>Matar\u00f3<\/strong> l&#8217;exposici\u00f3 que recull el desenvolupament de <strong><br \/>\n  <em><br \/>\n    <a href=\"http:\/\/zonaintrusa2.pbwiki.com\">Zona Intrusa 2<\/a><br \/>\n  <\/em><br \/>\n<\/strong>, el projecte en el qual juntament amb <strong>Oriol Fontdevila<\/strong> estem treballant des de l&#8217;estiu passat.<\/p>\n<p style=\"text-align: justify\">L&#8217;exposici\u00f3 no \u00e9s una mostra dels treballs realitzats pels estudiants dels instituts d&#8217;educaci\u00f3 secund\u00e0ria de Matar\u00f3, o no nom\u00e9s \u00e9s aix\u00f2; m\u00e9s aviat, l&#8217;exposici\u00f3 vol aprofundir en les q\u00fcestions plantejades i debatudes amb estudiants i professors, i ampliar el discurs que de manera col\u00b7lectiva s&#8217;ha anat generant durant les <a href=\"http:\/\/picasaweb.google.es\/zonaintrusa2\" target=\"_blank\" rel=\"noopener\">activitats a les aules<\/a>, els <a href=\"http:\/\/zonaintrusa2.pbwiki.com\/+Workshop+i+debat\" target=\"_blank\" rel=\"noopener\">workshops amb professors, alumnes i artistes<\/a>, durant les visites a l&#8217;<a href=\"http:\/\/zonaintrusa2.pbwiki.com\/L%27Exposici%C3%B3\" target=\"_blank\" rel=\"noopener\">exposici\u00f3 itinerant<\/a>, al wiki de <em>Zona Intrusa 2 <\/em>o a les <a href=\"http:\/\/zonaintrusa2.pbwiki.com\/Activitats-d%27extensi%C3%B3\" target=\"_blank\" rel=\"noopener\">activitats realitzades per estudiants i professors arrel de la seva participaci\u00f3 al projecte<\/a>.<\/p>\n<p style=\"text-align: justify\">Ens agradaria poder dir que hem estat capa\u00e7os de plantejar <em>Zona Intrusa 2<\/em> com una conversa entre individus (i institucions) que ocupen posicions diverses a l&#8217;esfera cultural, tant del context art\u00edstic com de l&#8217;educatiu. En aquest sentit ens sembla bastant clar que l&#8217;exposici\u00f3 a l&#8217;Espai f tamb\u00e9 vindria a ser quelcom aix\u00ed com el recompte i la narraci\u00f3 entrella\u00e7ada, complement\u00e0ria i contradict\u00f2ria de vegades, del que s&#8217;ha dit fins aquest moment. No en va el disseny de l&#8217;exposici\u00f3 ha estat tamb\u00e9 un proc\u00e9s obert a les aportacions de professors i estudiants que es perllongar\u00e0 m\u00e9s enll\u00e0 de la data d&#8217;inauguraci\u00f3.  <\/p>\n<p style=\"text-align: justify\">Per tot aix\u00f2 ens resulta dif\u00edcil explicar d&#8217;una manera concreta qu\u00e8 ha estat <em>Zona Intrusa 2<\/em>, potser un intent de des-sedimentar algunes de les assumpcions respectives que habitualment i de manera inadvertida condicionen l&#8217;actuaci\u00f3 de cadascun dels agents involucrats en l&#8217;apropament de l&#8217;art al context educatiu.<\/p>\n<p style=\"text-align: justify\">Per\u00f2 potser el millor sigui que cadasc\u00fa extregui les seves pr\u00f2pies conclusions el proper divendres a la inauguraci\u00f3 de l&#8217;exposici\u00f3, que de ben segur ser\u00e0, com tota inauguraci\u00f3 que es preui, un acte social i de reconeixement i esperem a m\u00e9s, una ocasi\u00f3 per seguir conversant.<\/p>\n<p style=\"text-align: justify\">De totes maneres, <em>Zona Intrusa 2<\/em> no finalitzar\u00e0 aqu\u00ed ja que el mateix Espai f ser\u00e0 l&#8217;escenari d&#8217;una jornada de debat el <strong>18 d&#8217;abril<\/strong> en la qual participarem comissaris, educadors, alumnes, professors, artistes, t\u00e8cnics de cultura&#8230; <em>all together one more time! <\/em>Per\u00f2 d&#8217;aix\u00f2 ja en donarem aqu\u00ed deguda compte al seu moment.<em><br \/>\n<\/em><\/p>\n","protected":false},"featured_media":760,"template":"","categories":[],"class_list":["post-5641","noticia","type-noticia","status-publish","has-post-thumbnail","hentry"],"acf":[],"_links":{"self":[{"href":"https:\/\/lafundicio.net\/ca\/wp-json\/wp\/v2\/noticia\/5641","targetHints":{"allow":["GET"]}}],"collection":[{"href":"https:\/\/lafundicio.net\/ca\/wp-json\/wp\/v2\/noticia"}],"about":[{"href":"https:\/\/lafundicio.net\/ca\/wp-json\/wp\/v2\/types\/noticia"}],"wp:featuredmedia":[{"embeddable":true,"href":"https:\/\/lafundicio.net\/ca\/wp-json\/wp\/v2\/media\/760"}],"wp:attachment":[{"href":"https:\/\/lafundicio.net\/ca\/wp-json\/wp\/v2\/media?parent=5641"}],"wp:term":[{"taxonomy":"category","embeddable":true,"href":"https:\/\/lafundicio.net\/ca\/wp-json\/wp\/v2\/categories?post=5641"}],"curies":[{"name":"wp","href":"https:\/\/api.w.org\/{rel}","templated":true}]}}