{"id":5324,"date":"2008-04-13T00:00:00","date_gmt":"2008-04-13T00:00:00","guid":{"rendered":"https:\/\/lafundicio.net\/noticia\/santi-cirugeda-y-osfa-entrevisitados-por-catarqsis\/"},"modified":"2008-04-13T00:00:00","modified_gmt":"2008-04-13T00:00:00","slug":"santi-cirugeda-y-osfa-entrevisitados-por-catarqsis","status":"publish","type":"noticia","link":"https:\/\/lafundicio.net\/ca\/noticia\/santi-cirugeda-y-osfa-entrevisitados-por-catarqsis\/","title":{"rendered":"Santi Cirugeda i Osfa entrevistats per catarQsis"},"content":{"rendered":"<p style=\"text-align:center;\"><object width=\"425\" height=\"355\"><param name=\"movie\" value=\"http:\/\/www.youtube.com\/v\/qyBvGPWHtm4&amp;hl=en\"><param name=\"wmode\" value=\"transparent\"><embed src=\"http:\/\/www.youtube.com\/v\/qyBvGPWHtm4&amp;hl=en\" type=\"application\/x-shockwave-flash\" wmode=\"transparent\" width=\"425\" height=\"355\"><\/embed><\/embed><\/object><br \/>\nEl tr\u00e0iler<\/p>\n<p style=\"text-align:center;\">\n<p style=\"text-align:justify;\">Fa ja algun temps que l+s amig+s de <strong><br \/>\n  <a href=\"http:\/\/www.catarqsis.blogspot.com\/\" target=\"_blank\" rel=\"noopener\">catarQsis<\/a><br \/>\n<\/strong> van iniciar el seu projecte &#8220;<strong>entrevisItas<\/strong>&#8220;, una s\u00e8rie de converses amb gent que els semblen interessants, a qui visiten i aprofiten per entrevistar o viceversa. La s\u00e8rie d&#8217;entrevisites s&#8217;inicia amb un viatge a <g id=\"gid_3\">Sevilla<\/g> per visitar dos personatges que podr\u00edem considerar &#8216;ag\u00f2nics&#8217; (que no antag\u00f2nics) per tenir personalitats molt diferents, amb m\u00e8todes molt diferents en molts aspectes, per\u00f2 que en cert sentit comparteixen objectius. Ens referim a <strong><br \/>\n  <a href=\"http:\/\/www.recetasurbanas.net\/\" target=\"_blank\" rel=\"noopener\">Santiago Cirugeda<\/a><br \/>\n<\/strong> i a <strong>Jos\u00e9 P\u00e9rez de Lama<\/strong> (aka <strong>Osfa<\/strong>) del col\u00b7lectiu <strong><br \/>\n  <a href=\"http:\/\/hackitectura.net\/\" target=\"_blank\" rel=\"noopener\">Hackitectura<\/a><br \/>\n<\/strong>.  <\/p>\n<p style=\"text-align:justify;\">Doncs b\u00e9, us passem l&#8217;enlla\u00e7 a la <a href=\"http:\/\/catarqsisentrevisitas.blogspot.com\/\" target=\"_blank\" rel=\"noopener\">secci\u00f3 entrevisItas<\/a> del multi-blog de catarQsis, on publicaven recentment la primera entrega de l&#8217;entrevisita a Santi Cirugeda i on trobareu ja tres cap\u00edtols de l&#8217;entrevisita a Osfa. Seguirem atents a les properes entregues.  <\/p>\n","protected":false},"featured_media":0,"template":"","categories":[],"class_list":["post-5324","noticia","type-noticia","status-publish","hentry"],"acf":[],"_links":{"self":[{"href":"https:\/\/lafundicio.net\/ca\/wp-json\/wp\/v2\/noticia\/5324","targetHints":{"allow":["GET"]}}],"collection":[{"href":"https:\/\/lafundicio.net\/ca\/wp-json\/wp\/v2\/noticia"}],"about":[{"href":"https:\/\/lafundicio.net\/ca\/wp-json\/wp\/v2\/types\/noticia"}],"wp:attachment":[{"href":"https:\/\/lafundicio.net\/ca\/wp-json\/wp\/v2\/media?parent=5324"}],"wp:term":[{"taxonomy":"category","embeddable":true,"href":"https:\/\/lafundicio.net\/ca\/wp-json\/wp\/v2\/categories?post=5324"}],"curies":[{"name":"wp","href":"https:\/\/api.w.org\/{rel}","templated":true}]}}