{"id":5161,"date":"2012-06-25T00:00:00","date_gmt":"2012-06-25T00:00:00","guid":{"rendered":"https:\/\/lafundicio.net\/noticia\/presentacion-aula-a-la-deriva-2012-en-can-batllo-29-06-12-1830h\/"},"modified":"2012-06-25T00:00:00","modified_gmt":"2012-06-25T00:00:00","slug":"presentacion-aula-a-la-deriva-2012-en-can-batllo-29-06-12-1830h","status":"publish","type":"noticia","link":"https:\/\/lafundicio.net\/ca\/noticia\/presentacion-aula-a-la-deriva-2012-en-can-batllo-29-06-12-1830h\/","title":{"rendered":"Presentaci\u00f3 Aula a la deriva 2012 a Can Batll\u00f3: 29\/06\/12 &#8211; 18:30h"},"content":{"rendered":"<p style=\"text-align: center;\"><img loading=\"lazy\" decoding=\"async\" src=\"..\/wp-content\/uploads\/_imported\/12_1656613891.jpg\" width=\"319\" height=\"479\" alt=\"coctel.jpg\"><\/p>\n<p style=\"text-align: left;\">El proper <b>divendres 29 de juny<\/b>, cap a les <b>18:30h<\/b>, <a href=\"http:\/\/www.sitesize.net\" target=\"_blank\" rel=\"noopener\"><br \/>\n  <b>Sitesize<\/b><br \/>\n<\/a> i uns servidors, us convidem a assistir a <b>Can Batll\u00f3<\/b> a la presentaci\u00f3 de l&#8217;<b><br \/>\n  <i><br \/>\n    <a href=\"https:\/\/lafundicio.net\/ca\/noticia\/aula-a-la-deriva-2012\/wp-contentuploads_imported11_1656613891-jpg-2\/\" target=\"_blank\" rel=\"noopener\">Aula a la deriva 2012<\/a><br \/>\n  <\/i><br \/>\n<\/b>. Durant la presentaci\u00f3 hi haur\u00e0 un petit refrigeri per passar millor les calors de l&#8217;estiu; hi assistiran representants dels contextos de treball que participen a l&#8217;<i>Aula a la deriva 2012:<\/i> <b><br \/>\n  <a href=\"http:\/\/ateneusantboia.wordpress.com\/\" target=\"_blank\" rel=\"noopener\">Ateneu Santboi\u00e0<\/a><br \/>\n<\/b> (<b>Sant<\/b> <b>Boi<\/b>),   <b><a href=\"http:\/\/canbatllo.wordpress.com\/\" target=\"_blank\" rel=\"noopener\">Can Batll\u00f3<\/a>,<\/b>  (<b>Sants<\/b>&#8211;<b>Barcelona<\/b>), <b><br \/>\n  <a href=\"http:\/\/accioculturalmetropolitana.wordpress.com\/com-col%C2%B7lectivitzar-la-cultura\/\" target=\"_blank\" rel=\"noopener\">Com Col\u00b7lectivitzar la Cultura<\/a><br \/>\n<\/b> (<b>Sabadell<\/b>), <b><br \/>\n  <a href=\"http:\/\/candel-hart.blogspot.com.es\/\" target=\"_blank\" rel=\"noopener\">CandeL&#8217;Hart<\/a><br \/>\n<\/b> (<b>Bellvitge<\/b>&#8211;<b>L&#8217;Hospitalet<\/b>), <b><br \/>\n  <a href=\"http:\/\/lalanzadera.wordpress.com\/\" target=\"_blank\" rel=\"noopener\">LA LANZADERA, Xarxa de Creaci\u00f3 al Delta del Llobregat<\/a><br \/>\n<\/b> (<b>El<\/b> <b>Prat<\/b>), <b><br \/>\n  <a href=\"http:\/\/open-roulotte.pbworks.com\/w\/page\/6130522\/FrontPage\" target=\"_blank\" rel=\"noopener\">Open-roulotte<\/a><br \/>\n<\/b> (    <b>Ripollet<\/b>), <b><br \/>\n  <a href=\"http:\/\/www.ateneuenciclopedicpopular.org\/\" target=\"_blank\" rel=\"noopener\">Ateneu Enciclop\u00e8dic Popular<\/a><br \/>\n<\/b> (<b>Barcelona<\/b>) i el <b><br \/>\n  <a href=\"http:\/\/jardidelamistat.wordpress.com\/\" target=\"_blank\" rel=\"noopener\">Jard\u00ed de l&#8217;Amistat<\/a><br \/>\n<\/b> (<b>Can Rull<\/b>&#8211;<b>Sabadell<\/b>). <\/p>\n<p style=\"text-align: left;\">L&#8217;<i>Aula a la deriva<\/i> va sorgir com un intent d&#8217;unir esfor\u00e7os entre diverses persones que ven\u00edem col\u00b7laborant i col\u00b7laborem habitualment: <b>Cristian A\u00f1o<\/b> (<a href=\"http:\/\/www.sinapsisprojectes.net\/\" target=\"_blank\" rel=\"noopener\"><br \/>\n  <b>Sinapsis<\/b><br \/>\n<\/a>), <b>Oriol Fontdevila<\/b>, <b><br \/>\n  <a href=\"http:\/\/javierrodrigomontero.blogspot.com.es\/\" target=\"_blank\" rel=\"noopener\">Javier Rodrigo<\/a><br \/>\n<\/b>, Sitesize i nosaltres, amb l&#8217;objectiu m\u00e9s o menys expl\u00edcit d&#8217;intentar sortir de la precarietat en la qual habitualment treballem en l&#8217;\u00e0mbit de la cultura. No obstant aix\u00f2, no hem sabut, o no hem pogut, o no hem tingut temps de transformar aquesta suma de pot\u00e8ncies en quelcom s\u00f2lid, entre altres motius, potser, perqu\u00e8 cadasc\u00fa de nosaltres est\u00e0 en realitat massa acostumat a entendre el treball en cultura d&#8217;una manera determinada i, resumint, els canvis costen. <\/p>\n<p style=\"text-align: left;\">En aquestes, tant Sitesize com nosaltres enten\u00edem que l&#8217;<i>Aula a la deriva<\/i> havia estat, si m\u00e9s no, un pretext per implicar-nos m\u00e9s a fons en diversos processos i contextos de treball, a comprometre&#8217;ns m\u00e9s amb determinats col\u00b7lectius; i ten\u00edem el convenciment que en alguns casos aquesta implicaci\u00f3 havia desbordat fins i tot les nostres expectatives, en part perqu\u00e8, fent honor al nom de la plataforma, programa, projecte o el que l&#8217;<i>Aula a la deriva<\/i> sigui o pugui arribar a ser, s&#8217;havien produ\u00eft derives inesperades en aquests processos en els quals est\u00e0vem implicats.<\/p>\n<p style=\"text-align: left;\">Per aix\u00f2 l&#8217;<i>Aula a la deriva 2012<\/i> no compta amb un programa tancat: a data d&#8217;avui s\u00f3n poques les accions programades i per no haver-hi no hi ha ni un pressupost, de manera que haurem d&#8217;anar ajustant el treball i la provisi\u00f3 de recursos a mesura que es desenvolupin els processos. M\u00e9s aviat hi ha l\u00ednies d&#8217;actuaci\u00f3, xarxes de treball, contextos, persones amb les quals s&#8217;han generat complicitats, \u00e9s d&#8217;aqu\u00ed d&#8217;on partim sense con\u00e8ixer gaire b\u00e9 cap a on ens dirigim ni quin \u00e9s el cam\u00ed. <\/p>\n<p style=\"text-align: left;\">Per\u00f2 s\u00ed que tenim clar que ens interessa col\u00b7laborar i participar de manera cr\u00edtica i constructiva en processos en els quals es posin en joc noves formes de produir i fer circular la cultura; pr\u00e0ctiques instituents en tant que es fonamenten en espais i formes d&#8217;auto-organitzaci\u00f3; maneres d&#8217;operar col\u00b7lectivament que ens permetin formes m\u00e9s horitzontals i m\u00e9s justes de proveir-se i apropiar-se de la cultura.<\/p>\n<p style=\"text-align: left;\"><\/p>\n","protected":false},"featured_media":562,"template":"","categories":[],"class_list":["post-5161","noticia","type-noticia","status-publish","has-post-thumbnail","hentry"],"acf":[],"_links":{"self":[{"href":"https:\/\/lafundicio.net\/ca\/wp-json\/wp\/v2\/noticia\/5161","targetHints":{"allow":["GET"]}}],"collection":[{"href":"https:\/\/lafundicio.net\/ca\/wp-json\/wp\/v2\/noticia"}],"about":[{"href":"https:\/\/lafundicio.net\/ca\/wp-json\/wp\/v2\/types\/noticia"}],"wp:featuredmedia":[{"embeddable":true,"href":"https:\/\/lafundicio.net\/ca\/wp-json\/wp\/v2\/media\/562"}],"wp:attachment":[{"href":"https:\/\/lafundicio.net\/ca\/wp-json\/wp\/v2\/media?parent=5161"}],"wp:term":[{"taxonomy":"category","embeddable":true,"href":"https:\/\/lafundicio.net\/ca\/wp-json\/wp\/v2\/categories?post=5161"}],"curies":[{"name":"wp","href":"https:\/\/api.w.org\/{rel}","templated":true}]}}