{"id":5083,"date":"2007-07-09T00:00:00","date_gmt":"2007-07-09T00:00:00","guid":{"rendered":"https:\/\/lafundicio.net\/noticia\/interferencia-07-iv-muestra-de-intervenciones-artisticas-en-espacios-publicos\/"},"modified":"2007-07-09T00:00:00","modified_gmt":"2007-07-09T00:00:00","slug":"interferencia-07-iv-muestra-de-intervenciones-artisticas-en-espacios-publicos","status":"publish","type":"noticia","link":"https:\/\/lafundicio.net\/ca\/noticia\/interferencia-07-iv-muestra-de-intervenciones-artisticas-en-espacios-publicos\/","title":{"rendered":"Interfer\u00e8ncia 07: IV Mostra d&#8217;Intervencions Art\u00edstiques en Espais P\u00fablics"},"content":{"rendered":"<p style=\"text-align:center;\"><a href=\"https:\/\/lafundicio.net\/wordpress\/wp-content\/uploads\/2007\/07\/portada.jpg\" onclick=\"window.open('https:\/\/lafundicio.net\/wordpress\/wp-content\/uploads\/2007\/07\/portada.jpg','popup','width=350,height=495,scrollbars=no,resizable=yes,toolbar=no,directories=no,location=no,menubar=no,status=yes,left=0,top=0');return false\"><\/a><\/p>\n<p>Comen\u00e7a avui mateix la quarta edici\u00f3 d&#8217;aquesta mostra. D&#8217;entre tota la programaci\u00f3, que podeu consultar a <a href=\"http:\/\/www.interferencia.info\/PAGS\/2007\/interferencia2007\/PAG1.html\" target=\"_blank\" rel=\"noopener\">la web d&#8217;Interfer\u00e8ncia<\/a>, destaquem el cicle de confer\u00e8ncies i debats <strong><br \/>\n  <em>Espai p\u00fablic i desenvolupament cultural comunitari<\/em><br \/>\n<\/strong> coordinat per <a href=\"http:\/\/www.artibarri.org\/\" target=\"_blank\" rel=\"noopener\">Artibarri<\/a> els dies 13 i 14 de juliol, \u00e9s a dir, divendres i dissabte d&#8217;aquesta setmana, a l&#8217;Auditori de CaixaMadrid (<a href=\"http:\/\/www.youtube.com\/watch?v=rczFheJa05g&amp;eurl=http%3A%2F%2Fwww%2Eultraviolencia%2Ecom%2Fultrashow%2Ephp\" target=\"_blank\" rel=\"noopener\">Sa nostra<\/a>). <\/p>\n","protected":false},"featured_media":0,"template":"","categories":[],"class_list":["post-5083","noticia","type-noticia","status-publish","hentry"],"acf":[],"_links":{"self":[{"href":"https:\/\/lafundicio.net\/ca\/wp-json\/wp\/v2\/noticia\/5083","targetHints":{"allow":["GET"]}}],"collection":[{"href":"https:\/\/lafundicio.net\/ca\/wp-json\/wp\/v2\/noticia"}],"about":[{"href":"https:\/\/lafundicio.net\/ca\/wp-json\/wp\/v2\/types\/noticia"}],"wp:attachment":[{"href":"https:\/\/lafundicio.net\/ca\/wp-json\/wp\/v2\/media?parent=5083"}],"wp:term":[{"taxonomy":"category","embeddable":true,"href":"https:\/\/lafundicio.net\/ca\/wp-json\/wp\/v2\/categories?post=5083"}],"curies":[{"name":"wp","href":"https:\/\/api.w.org\/{rel}","templated":true}]}}