{"id":4599,"date":"2024-11-28T16:36:31","date_gmt":"2024-11-28T16:36:31","guid":{"rendered":"https:\/\/lafundicio.net\/?post_type=noticia&#038;p=4599"},"modified":"2024-11-28T16:36:33","modified_gmt":"2024-11-28T16:36:33","slug":"les-juntes-la-cooperativa-dhabitatge-dispers-de-lhospitalet","status":"publish","type":"noticia","link":"https:\/\/lafundicio.net\/ca\/noticia\/les-juntes-la-cooperativa-dhabitatge-dispers-de-lhospitalet\/","title":{"rendered":"Les Juntes: la cooperativa d&#8217;habitatge dispers de l&#8217;Hospitalet."},"content":{"rendered":"\n<p>Des de LaFundici\u00f3 fa anys que treballem teixint aliances i cooperant amb multitud de persones i col\u00b7lectius, sumant-nos als entramats comunitaris. Fa temps que <strong>l\u2019acc\u00e9s a l\u2019habitatge<\/strong> ha esdevingut un gran problema per a moltes persones i que, a certs barris, es manifesta quotidianament i cada cop de manera m\u00e9s crua.\u00a0<\/p>\n\n\n\n<p>De l\u2019experi\u00e8ncia compartida amb les ve\u00efnes en la <strong>lluita contra la vulneraci\u00f3 del dret a l\u2019habitatge<\/strong> i de la necessitat de sumar alternatives, sorgeix <strong><a href=\"https:\/\/www.lesjuntes.coop\/\">Les Juntes,<\/a> una cooperativa d\u2019habitatge dispers a la zona nord de l\u2019Hospitalet de Llobregat.<\/strong><\/p>\n\n\n\n<p>Davant la vulneraci\u00f3 de drets socials i el desposse\u00efment material i simb\u00f2lic, Les Juntes es proposa com un <strong>espai d&#8217;autoorganitzaci\u00f3 i cooperaci\u00f3, <\/strong>que parteix dels <strong>entramats comunitaris<\/strong> dels barris, per a satisfer col\u00b7lectivament necessitats humanes b\u00e0siques com l\u2019habitatge \u2014per\u00f2 tamb\u00e9 l\u2019alimentaci\u00f3, la cultura o altres\u2014.<\/p>\n\n\n\n<p>Les Juntes vol <strong>extreure del mercat especulatiu habitatges privats<\/strong> per incorporar-los a una <strong>cooperativa d\u2019habitatge dispers<\/strong> en el barri i <strong>col\u00b7lectivitzar la propietat del s\u00f2l <\/strong>mitjan\u00e7ant la figura de <strong>s\u00f2l comunitari.<\/strong><\/p>\n\n\n\n<p>A m\u00e9s, Les Juntes es fonamenta en dos pilars:<strong> produir i tenir cura de b\u00e9ns comuns urbans <\/strong>i fomentar una <strong>cultura comunal<\/strong> vinculada a la seva gesti\u00f3 i \u00fas.<\/p>\n\n\n\n<h3 class=\"wp-block-heading\">No nom\u00e9s habitatge<\/h3>\n\n\n\n<p>La <strong>cooperativitzaci\u00f3 <\/strong>de <strong>l\u2019habitatge<\/strong> i la <strong>comunalitzaci\u00f3 del s\u00f2l <\/strong>poden ser una pe\u00e7a important de la base material que sustenti els entramats comunitaris del barris, que faci possible la <strong>participaci\u00f3 de les ve\u00efnes<\/strong> en el govern dels assumptes comuns i en la producci\u00f3 d\u2019altres maneres de veure i de ser en el m\u00f3n. Per tant, no parlem nom\u00e9s d\u2019habitatge.<\/p>\n\n\n\n<p>Dues esferes directament relacionades al <strong>sosteniment de la vida en com\u00fa<\/strong> ens ocupen des de fa temps i, d\u2019entrada, es vinculen a la iniciativa de Les Juntes:<strong> l\u2019alimentaci\u00f3 i la cultura.<\/strong><\/p>\n\n\n\n<p>Amb el <strong>suport a iniciatives cooperatives de producci\u00f3 i de consum agroecol\u00f2gics<\/strong>, que garanteixin el dret de les comunitats a decidir sobre els seus propis sistemes alimentaris, respectin els l\u00edmits ecol\u00f2gics del planeta, els drets de la pagesia i promoguin la diversitat cultural i biol\u00f2gica en la producci\u00f3 d&#8217;aliments.\u00a0\u00a0<\/p>\n\n\n\n<p>Constru\u00efnt una <strong>cultura comunal <\/strong>que ens predisposi per recon\u00e8ixer la <strong>interdepend\u00e8ncia <\/strong>entre els individus i la seva participaci\u00f3 en la <strong>trama de la vida<\/strong>, de la qual en formen part. Recuperant infraestructures i organitzant espais per trobar-se, celebrar, produir col\u00b7lectivament coneixement, representacions, relats i est\u00e8tiques pr\u00f2pies.<\/p>\n\n\n\n<h3 class=\"wp-block-heading\"><strong>Les Juntes et necessita<\/strong><\/h3>\n\n\n\n<p>Hi ha diverses maneres de <a href=\"https:\/\/www.lesjuntes.coop\/coopera\/\">cooperar<\/a> amb Les Juntes:<\/p>\n\n\n\n<ol class=\"wp-block-list\">\n<li><strong>Fes-te s\u00f2cia col\u00b7laboradora<\/strong><\/li>\n\n\n\n<li><strong>Fes un donatiu o cedeix un immoble<\/strong><\/li>\n\n\n\n<li><strong>Compra t\u00edtols participatius<\/strong><\/li>\n<\/ol>\n\n\n\n<p>O fes toooota la difusi\u00f3 que puguis \ud83d\ude09<\/p>\n\n\n\n<p><strong>Les Juntes<\/strong> compta amb una <strong>subvenci\u00f3 <\/strong>al finan\u00e7ament de <strong>projectes singulars d\u2019economia social <\/strong>de la Generalitat de Catalunya. El projecte est\u00e0 impulsat per <a href=\"https:\/\/lafundicio.net\/\">LaFundici\u00f3<\/a> en col\u00b7laboraci\u00f3 amb la <a href=\"https:\/\/ladinamofundacio.org\/\">La Dinamo<\/a> i <a href=\"https:\/\/www.lacol.coop\/\">Lacol<\/a>, i amb el suport de <a href=\"https:\/\/coop57.coop\/\">Coop57.<\/a> i es desenvolupa en col\u00b7laboraci\u00f3 amb l\u2019<a href=\"https:\/\/www.instagram.com\/avivlaflorida\/\">AViV La Florida<\/a> i <a href=\"https:\/\/lafloridasaveina.cat\/\">La Florida s\u2019ave\u00efna<\/a><\/p>\n","protected":false},"featured_media":4600,"template":"","categories":[],"class_list":["post-4599","noticia","type-noticia","status-publish","has-post-thumbnail","hentry"],"acf":[],"_links":{"self":[{"href":"https:\/\/lafundicio.net\/ca\/wp-json\/wp\/v2\/noticia\/4599","targetHints":{"allow":["GET"]}}],"collection":[{"href":"https:\/\/lafundicio.net\/ca\/wp-json\/wp\/v2\/noticia"}],"about":[{"href":"https:\/\/lafundicio.net\/ca\/wp-json\/wp\/v2\/types\/noticia"}],"wp:featuredmedia":[{"embeddable":true,"href":"https:\/\/lafundicio.net\/ca\/wp-json\/wp\/v2\/media\/4600"}],"wp:attachment":[{"href":"https:\/\/lafundicio.net\/ca\/wp-json\/wp\/v2\/media?parent=4599"}],"wp:term":[{"taxonomy":"category","embeddable":true,"href":"https:\/\/lafundicio.net\/ca\/wp-json\/wp\/v2\/categories?post=4599"}],"curies":[{"name":"wp","href":"https:\/\/api.w.org\/{rel}","templated":true}]}}