{"id":4236,"date":"2024-06-21T10:45:16","date_gmt":"2024-06-21T10:45:16","guid":{"rendered":"https:\/\/lafundicio.net\/noticia\/des-de-ja-presentem-el-nove-numero\/"},"modified":"2024-06-21T10:48:56","modified_gmt":"2024-06-21T10:48:56","slug":"des-de-ja-presentem-el-nove-numero","status":"publish","type":"noticia","link":"https:\/\/lafundicio.net\/ca\/noticia\/des-de-ja-presentem-el-nove-numero\/","title":{"rendered":"Des de ja! Presentem el nov\u00e8 n\u00famero!"},"content":{"rendered":"\n<p>Aquest nou n\u00famero ve caaarregat de contingut: reflexions sobre el <strong>moviment ve\u00efnal<\/strong> a la Florida i la ciutat, informaci\u00f3 sobre el <strong>comer\u00e7 de barri<\/strong> , la situaci\u00f3 a <strong>Palestina<\/strong> , <strong>entrevistes<\/strong> , <strong>receptes<\/strong> i les cl\u00e0ssiques seccions liter\u00e0ries. Pensada i escrita per ve\u00efnes i ave\u00efnades i editada al <strong>Laboratori Editorial Des dels blocs!<\/strong><\/p>\n\n\n\n<p>Com a convidat especial, ens acompanyar\u00e0 <strong>Sergio Ches\u00e1n,<\/strong> coeditor d&#8217; <strong>Horror Vacui Editorial<\/strong> i autor del fanzine <strong><em>La literatura no es lugar para pobres<\/em><\/strong> , per parlar-nos sobre escriure i editar des de l&#8217;Hospitalet.<\/p>\n\n\n\n<p>A m\u00e9s, <strong>Altaveu Jove<\/strong> i <strong>AMRA<\/strong> presentaran el segon n\u00famero de <em><strong>La Revuelta<\/strong><\/em> !<\/p>\n\n\n\n<p>Veniu al <strong>Centre Municipal Ana D\u00edaz Rico<\/strong> a les <strong>18 h<\/strong> el <strong>dijous 27 de juny<\/strong> ! Tindrem revistes i pica-pica per a totes \ud83d\ude09<\/p>\n\n\n\n<p><strong>Pl. Blocs Florida, 15, L1 Florida<\/strong><\/p>\n","protected":false},"featured_media":4234,"template":"","categories":[],"class_list":["post-4236","noticia","type-noticia","status-publish","has-post-thumbnail","hentry"],"acf":[],"_links":{"self":[{"href":"https:\/\/lafundicio.net\/ca\/wp-json\/wp\/v2\/noticia\/4236","targetHints":{"allow":["GET"]}}],"collection":[{"href":"https:\/\/lafundicio.net\/ca\/wp-json\/wp\/v2\/noticia"}],"about":[{"href":"https:\/\/lafundicio.net\/ca\/wp-json\/wp\/v2\/types\/noticia"}],"wp:featuredmedia":[{"embeddable":true,"href":"https:\/\/lafundicio.net\/ca\/wp-json\/wp\/v2\/media\/4234"}],"wp:attachment":[{"href":"https:\/\/lafundicio.net\/ca\/wp-json\/wp\/v2\/media?parent=4236"}],"wp:term":[{"taxonomy":"category","embeddable":true,"href":"https:\/\/lafundicio.net\/ca\/wp-json\/wp\/v2\/categories?post=4236"}],"curies":[{"name":"wp","href":"https:\/\/api.w.org\/{rel}","templated":true}]}}